{"id":17247,"date":"2024-05-08T06:24:23","date_gmt":"2024-05-08T13:24:23","guid":{"rendered":"https:\/\/staging.pavecommute.app\/nachhaltige-mobilitaet-als-vorteil-im-employer-branding-talente-anziehen-und-binden\/"},"modified":"2024-12-18T03:17:18","modified_gmt":"2024-12-18T11:17:18","slug":"nachhaltige-mobilitaet-als-vorteil-im-employer-branding-talente-anziehen-und-binden","status":"publish","type":"articles","link":"https:\/\/staging.pavecommute.app\/de\/nachhaltige-mobilitaet-als-vorteil-im-employer-branding-talente-anziehen-und-binden\/","title":{"rendered":"Nachhaltige Mobilit\u00e4t als Vorteil im Employer Branding: Talente anziehen und binden"},"content":{"rendered":"\t\t<div data-elementor-type=\"wp-post\" data-elementor-id=\"17247\" class=\"elementor elementor-17247 elementor-17242\" data-elementor-settings=\"{&quot;ha_cmc_init_switcher&quot;:&quot;no&quot;}\" data-elementor-post-type=\"articles\">\n\t\t\t\t\t\t<section class=\"elementor-section elementor-top-section elementor-element elementor-element-6590adc elementor-section-boxed elementor-section-height-default elementor-section-height-default\" data-id=\"6590adc\" data-element_type=\"section\">\n\t\t\t\t\t\t<div class=\"elementor-container elementor-column-gap-default\">\n\t\t\t\t\t<div class=\"elementor-column elementor-col-100 elementor-top-column elementor-element elementor-element-d1f00c9\" data-id=\"d1f00c9\" data-element_type=\"column\">\n\t\t\t<div class=\"elementor-widget-wrap elementor-element-populated\">\n\t\t\t\t\t\t<div class=\"elementor-element elementor-element-5ffaa8e elementor-widget elementor-widget-heading\" data-id=\"5ffaa8e\" data-element_type=\"widget\" data-widget_type=\"heading.default\">\n\t\t\t\t<div class=\"elementor-widget-container\">\n\t\t\t\t\t<h6 class=\"elementor-heading-title elementor-size-default\">Junge Menschen wollen zunehmend f\u00fcr Unternehmen arbeiten, die mit ihren pers\u00f6nlichen Werten \u00fcbereinstimmen. Nachhaltigkeit kann ein wirkungsvolles Instrument des Employer Branding sein..<\/h6>\t\t\t\t<\/div>\n\t\t\t\t<\/div>\n\t\t\t\t<div class=\"elementor-element elementor-element-f5ef70f elementor-widget elementor-widget-text-editor\" data-id=\"f5ef70f\" data-element_type=\"widget\" data-widget_type=\"text-editor.default\">\n\t\t\t\t<div class=\"elementor-widget-container\">\n\t\t\t\t\t\t\t\t\t<p>Parallelen zwischen Employer Branding und Nachhaltigkeit haben in letzter Zeit verst\u00e4rkt die Aufmerksamkeit von Unternehmen auf sich gezogen. Neue Untersuchungen zeigen, dass junge Arbeitnehmer:innen immer mehr den Wunsch haben, f\u00fcr Unternehmen zu arbeiten, die ihre pers\u00f6nlichen Werte teilen. Nachhaltigkeit im Allgemeinen und nachhaltige Mobilit\u00e4t im Speziellen ist ein einfacher und effektiver Weg f\u00fcr Arbeitgeber, ihre Attraktivit\u00e4t zu steigern und gleichzeitig eine Reihe positiver Nebeneffekte zu erzielen.<\/p>\n<p>Mit Pave Commute geben Arbeitgeber ihren Pendler:innen ein <a href=\"https:\/\/staging.pavecommute.app\/de\/so-funktioniert-pave-commute\/\">leistungsstarkes Nachhaltigkeits-Tool<\/a> an die Hand. Diese innovative, preisgekr\u00f6nte App macht es den Menschen leicht, sich intelligente Entscheidungen f\u00fcr die Fahrt zur Arbeit zu f\u00e4llen.<\/p>\n<p>Pave Commute hilft Unternehmen, einen reibungslosen, effizienten und effektiven \u00dcbergang zu nachhaltiger Mobilit\u00e4t zu schaffen. Pave Commute kann auch als leistungsstarke Erg\u00e4nzung zur Arbeitgebermarkenstrategie dienen.<\/p>\n\t\t\t\t\t\t\t\t<\/div>\n\t\t\t\t<\/div>\n\t\t\t\t\t<\/div>\n\t\t<\/div>\n\t\t\t\t\t<\/div>\n\t\t<\/section>\n\t\t\t\t<section class=\"elementor-section elementor-top-section elementor-element elementor-element-5d0b3c8 elementor-section-boxed elementor-section-height-default elementor-section-height-default\" data-id=\"5d0b3c8\" data-element_type=\"section\">\n\t\t\t\t\t\t<div class=\"elementor-container elementor-column-gap-default\">\n\t\t\t\t\t<div class=\"elementor-column elementor-col-100 elementor-top-column elementor-element elementor-element-cfdda93\" data-id=\"cfdda93\" data-element_type=\"column\">\n\t\t\t<div class=\"elementor-widget-wrap elementor-element-populated\">\n\t\t\t\t\t\t<div class=\"elementor-element elementor-element-919d84a elementor-widget elementor-widget-heading\" data-id=\"919d84a\" data-element_type=\"widget\" data-widget_type=\"heading.default\">\n\t\t\t\t<div class=\"elementor-widget-container\">\n\t\t\t\t\t<h2 class=\"elementor-heading-title elementor-size-default\">Was ist Employer Branding?<\/h2>\t\t\t\t<\/div>\n\t\t\t\t<\/div>\n\t\t\t\t<div class=\"elementor-element elementor-element-4e9de42 elementor-widget elementor-widget-text-editor\" data-id=\"4e9de42\" data-element_type=\"widget\" data-widget_type=\"text-editor.default\">\n\t\t\t\t<div class=\"elementor-widget-container\">\n\t\t\t\t\t\t\t\t\t<p><span style=\"font-weight: 400;\">Die Debatte \u00fcber Employer Branding wurde 1996 von Tim Ambler und Simon Barrow mit ihrem Paper &#8222;<\/span><a href=\"https:\/\/link.springer.com\/article\/10.1057\/bm.1996.42\" target=\"_blank\"><span style=\"font-weight: 400;\">The Employer Brand<\/span><\/a><span style=\"font-weight: 400;\">&#8220; ausgel\u00f6st. Sie konnten aufzeigen, dass Marketing auch auf das Personalwesen anwendbar ist. Laut ihrer Definition bedeutet Employer Brandingbrand folgendes:<\/span><\/p>\n<p>&nbsp;<\/p>\n<p><span style=\"font-weight: 400;\">\u201cDer Arbeitgebermarkenwert ist also der immaterielle Wert in den K\u00f6pfen bestehender und potenzieller Arbeitnehmer, der durch gute Marketing- und HR-Praktiken aufgebaut worden ist. Er kann, wie jeder andere Markenwert auch, gemessen und bewertet werden.\u201d &#8211; Ambler\/Barrow, 1996<\/span><\/p>\n<p>&nbsp;<\/p>\n<p><span style=\"font-weight: 400;\">Diese innovativen Erkenntnisse revolutionierten das Verst\u00e4ndnis von Unternehmensidentit\u00e4t und Markenbildung im Kontext des Personalmanagements. Sie legten den Grundstein f\u00fcr ein neues Paradigma des Employer Branding, das bis heute Unternehmen weltweit beeinflusst und deren strategische Ausrichtung ma\u00dfgeblich formt.<\/span><\/p>\n<p>&nbsp;<\/p>\n<p><span style=\"font-weight: 400;\">Die Forschung von Ambler und Barrow zeigte, dass Employer Branding nicht nur f\u00fcr Mitarbeitende wichtig ist, sondern auch mit dem Unternehmenswachstum verbunden sein k\u00f6nnte. Doch welche Faktoren beeinflussen das Employer Branding und wie h\u00e4ngen Nachhaltigkeitsinitiativen damit zusammen?<\/span><\/p>\n\t\t\t\t\t\t\t\t<\/div>\n\t\t\t\t<\/div>\n\t\t\t\t\t<\/div>\n\t\t<\/div>\n\t\t\t\t\t<\/div>\n\t\t<\/section>\n\t\t\t\t<section class=\"elementor-section elementor-top-section elementor-element elementor-element-d245bed elementor-section-boxed elementor-section-height-default elementor-section-height-default\" data-id=\"d245bed\" data-element_type=\"section\">\n\t\t\t\t\t\t<div class=\"elementor-container elementor-column-gap-default\">\n\t\t\t\t\t<div class=\"elementor-column elementor-col-100 elementor-top-column elementor-element elementor-element-f0e5984\" data-id=\"f0e5984\" data-element_type=\"column\">\n\t\t\t<div class=\"elementor-widget-wrap elementor-element-populated\">\n\t\t\t\t\t\t<div class=\"elementor-element elementor-element-6c74473 elementor-widget elementor-widget-heading\" data-id=\"6c74473\" data-element_type=\"widget\" data-widget_type=\"heading.default\">\n\t\t\t\t<div class=\"elementor-widget-container\">\n\t\t\t\t\t<h2 class=\"elementor-heading-title elementor-size-default\">Nachhaltigkeit und gemeinsame Werte im Employer Branding<\/h2>\t\t\t\t<\/div>\n\t\t\t\t<\/div>\n\t\t\t\t<div class=\"elementor-element elementor-element-c911faa elementor-widget elementor-widget-text-editor\" data-id=\"c911faa\" data-element_type=\"widget\" data-widget_type=\"text-editor.default\">\n\t\t\t\t<div class=\"elementor-widget-container\">\n\t\t\t\t\t\t\t\t\t<p><span style=\"font-weight: 400;\">Nachhaltigkeitsinitiativen erm\u00f6glichen es Unternehmen, ihr Engagement f\u00fcr Soziales und Umweltverantwortung zu zeigen. Durch die Integration von Nachhaltigkeitspraktiken in ihre Betriebsabl\u00e4ufe verdeutlichen Firmen, dass sie die Werte und Anliegen potenzieller Mitarbeitender teilen.<\/span><\/p>\n<p><span style=\"font-weight: 400;\">In einer <a href=\"https:\/\/www.pwc.com\/gx\/en\/news-room\/press-releases\/2023\/pwc-global-workforce-hopes-and-fears-survey-2023.html\" target=\"_blank\">Umfrage von PwC<\/a> gaben <\/span><span style=\"font-weight: 400;\">65%<\/span><span style=\"font-weight: 400;\"> der Befragten an, dass es ihnen wichtig ist, f\u00fcr ein Unternehmen zu arbeiten, das soziale Verantwortung zeigt. Insbesondere <\/span><span style=\"font-weight: 400;\">Millennials und Angeh\u00f6rige der Generation Z<\/span><span style=\"font-weight: 400;\">\u00a0sind intrinsisch motiviert, f\u00fcr Organisationen zu arbeiten, die Nachhaltigkeit und soziale Verantwortung priorisieren. Eine Betonung von Nachhaltigkeit im Employer Branding zieht Kandidat:innen an, <\/span><a href=\"https:\/\/link.springer.com\/chapter\/10.1007\/978-3-662-57481-2_5\" target=\"_blank\"><span style=\"font-weight: 400;\">die diese Werte teilen<\/span><\/a><span style=\"font-weight: 400;\">, und f\u00f6rdert eine starke \u00dcbereinstimmung zwischen Mitarbeiter:innen- und Unternehmenszielen.<\/span><\/p>\n\t\t\t\t\t\t\t\t<\/div>\n\t\t\t\t<\/div>\n\t\t\t\t\t<\/div>\n\t\t<\/div>\n\t\t\t\t\t<\/div>\n\t\t<\/section>\n\t\t\t\t<section class=\"elementor-section elementor-top-section elementor-element elementor-element-9fa5cf4 elementor-section-boxed elementor-section-height-default elementor-section-height-default\" data-id=\"9fa5cf4\" data-element_type=\"section\">\n\t\t\t\t\t\t<div class=\"elementor-container elementor-column-gap-default\">\n\t\t\t\t\t<div class=\"elementor-column elementor-col-100 elementor-top-column elementor-element elementor-element-8d823c2\" data-id=\"8d823c2\" data-element_type=\"column\">\n\t\t\t<div class=\"elementor-widget-wrap elementor-element-populated\">\n\t\t\t\t\t\t<div class=\"elementor-element elementor-element-a7c2365 elementor-widget elementor-widget-heading\" data-id=\"a7c2365\" data-element_type=\"widget\" data-widget_type=\"heading.default\">\n\t\t\t\t<div class=\"elementor-widget-container\">\n\t\t\t\t\t<h2 class=\"elementor-heading-title elementor-size-default\">Der wahre Zusammenhang zwischen Employer Branding und nachhaltiger Mobilit\u00e4t<\/h2>\t\t\t\t<\/div>\n\t\t\t\t<\/div>\n\t\t\t\t\t<\/div>\n\t\t<\/div>\n\t\t\t\t\t<\/div>\n\t\t<\/section>\n\t\t\t\t<section class=\"elementor-section elementor-top-section elementor-element elementor-element-f21f937 elementor-section-boxed elementor-section-height-default elementor-section-height-default\" data-id=\"f21f937\" data-element_type=\"section\">\n\t\t\t\t\t\t<div class=\"elementor-container elementor-column-gap-default\">\n\t\t\t\t\t<div class=\"elementor-column elementor-col-100 elementor-top-column elementor-element elementor-element-921a841\" data-id=\"921a841\" data-element_type=\"column\">\n\t\t\t<div class=\"elementor-widget-wrap elementor-element-populated\">\n\t\t\t\t\t\t<div class=\"elementor-element elementor-element-8afec4e elementor-widget elementor-widget-text-editor\" data-id=\"8afec4e\" data-element_type=\"widget\" data-widget_type=\"text-editor.default\">\n\t\t\t\t<div class=\"elementor-widget-container\">\n\t\t\t\t\t\t\t\t\t<p>Neben der Ausbalancierung der Wertvorstellungen gibt es noch weitere Zusammenh\u00e4nge zwischen Employer Branding und nachhaltigem Pendeln. Arbeitgeber, die sich f\u00fcr Nachhaltigkeit am Arbeitsweg einsetzen, zeigen auch, dass ihnen die k\u00f6rperliche und geistige Gesundheit ihrer Mitarbeiter:innen am Herzen liegt und dass sie eine gute Work-Life-Balance f\u00f6rdern.<\/p>\n<p>Die Grund daf\u00fcr:<\/p>\n<ul>\n<li>Nachhaltiger Verkehr ist <a href=\"https:\/\/www.who.int\/publications-detail-redirect\/WHO-HEP-ECH-AQH-2021.6\" target=\"_blank\">gut f\u00fcr die k\u00f6rperliche und geistige Gesundheit<\/a><\/li>\n<li>Arbeitgeber k\u00f6nnen dazu beitragen, die lokale Nachfrage nach nachhaltigen Mobilit\u00e4tsangeboten zu steigern, was zu einer besseren Finanzierung und Entwicklung beitr\u00e4gt.<\/li>\n<li>Eine sinnvolle Unterst\u00fctzung von Alternativen wie Hybridarbeit und Telearbeit schafft ein besseres Gleichgewicht zwischen dem Berufs- und dem Privatleben der Mitarbeiter.<\/li>\n<\/ul>\n<p>&nbsp;<\/p>\n<p>Durch die Unterst\u00fctzung des nachhaltigen Pendelns k\u00f6nnen Arbeitgeber nicht nur zeigen, dass ihnen die Umwelt am Herzen liegt, sondern auch, dass sie sich um ihre Mitarbeiter k\u00fcmmern, sowohl wenn sie im B\u00fcro sind als auch zuhause.<\/p>\n\t\t\t\t\t\t\t\t<\/div>\n\t\t\t\t<\/div>\n\t\t\t\t\t<\/div>\n\t\t<\/div>\n\t\t\t\t\t<\/div>\n\t\t<\/section>\n\t\t\t\t<section class=\"elementor-section elementor-top-section elementor-element elementor-element-ed3cd05 elementor-section-boxed elementor-section-height-default elementor-section-height-default\" data-id=\"ed3cd05\" data-element_type=\"section\">\n\t\t\t\t\t\t<div class=\"elementor-container elementor-column-gap-default\">\n\t\t\t\t\t<div class=\"elementor-column elementor-col-100 elementor-top-column elementor-element elementor-element-b625cbf\" data-id=\"b625cbf\" data-element_type=\"column\">\n\t\t\t<div class=\"elementor-widget-wrap elementor-element-populated\">\n\t\t\t\t\t\t<div class=\"elementor-element elementor-element-f11217c elementor-widget elementor-widget-heading\" data-id=\"f11217c\" data-element_type=\"widget\" data-widget_type=\"heading.default\">\n\t\t\t\t<div class=\"elementor-widget-container\">\n\t\t\t\t\t<h2 class=\"elementor-heading-title elementor-size-default\">Strategische Wettbewerbsvorteile durch nachhaltiges Employer Branding<\/h2>\t\t\t\t<\/div>\n\t\t\t\t<\/div>\n\t\t\t\t\t<\/div>\n\t\t<\/div>\n\t\t\t\t\t<\/div>\n\t\t<\/section>\n\t\t\t\t<section class=\"elementor-section elementor-top-section elementor-element elementor-element-c7be8e3 elementor-section-boxed elementor-section-height-default elementor-section-height-default\" data-id=\"c7be8e3\" data-element_type=\"section\">\n\t\t\t\t\t\t<div class=\"elementor-container elementor-column-gap-default\">\n\t\t\t\t\t<div class=\"elementor-column elementor-col-100 elementor-top-column elementor-element elementor-element-0119fbf\" data-id=\"0119fbf\" data-element_type=\"column\">\n\t\t\t<div class=\"elementor-widget-wrap elementor-element-populated\">\n\t\t\t\t\t\t<div class=\"elementor-element elementor-element-2519e23 elementor-widget elementor-widget-text-editor\" data-id=\"2519e23\" data-element_type=\"widget\" data-widget_type=\"text-editor.default\">\n\t\t\t\t<div class=\"elementor-widget-container\">\n\t\t\t\t\t\t\t\t\t<p>Gut abgestimmte Anstrengungen zur F\u00f6rderung von Employer Branding und nachhaltigem Pendeln bringen zahlreiche wichtige strategische und kompetitive Vorteile mit sich. Diese Vorteile wirken sich auf den Gewinn der Unternehmen aus, manchmal in erheblichem Ma\u00dfe.<\/p>\n<p>Hier erfahren Sie, wie Ihr Unternehmen von einem starken Engagement f\u00fcr nachhaltiges Pendeln profitieren kann:<\/p>\n\t\t\t\t\t\t\t\t<\/div>\n\t\t\t\t<\/div>\n\t\t\t\t<div class=\"elementor-element elementor-element-cdb10bd elementor-widget elementor-widget-spacer\" data-id=\"cdb10bd\" data-element_type=\"widget\" data-widget_type=\"spacer.default\">\n\t\t\t\t<div class=\"elementor-widget-container\">\n\t\t\t\t\t\t\t<div class=\"elementor-spacer\">\n\t\t\t<div class=\"elementor-spacer-inner\"><\/div>\n\t\t<\/div>\n\t\t\t\t\t\t<\/div>\n\t\t\t\t<\/div>\n\t\t\t\t<div class=\"elementor-element elementor-element-87785cd elementor-widget elementor-widget-heading\" data-id=\"87785cd\" data-element_type=\"widget\" data-widget_type=\"heading.default\">\n\t\t\t\t<div class=\"elementor-widget-container\">\n\t\t\t\t\t<h3 class=\"elementor-heading-title elementor-size-default\">Top-Talente anziehen<\/h3>\t\t\t\t<\/div>\n\t\t\t\t<\/div>\n\t\t\t\t<div class=\"elementor-element elementor-element-31cbeaf elementor-widget elementor-widget-text-editor\" data-id=\"31cbeaf\" data-element_type=\"widget\" data-widget_type=\"text-editor.default\">\n\t\t\t\t<div class=\"elementor-widget-container\">\n\t\t\t\t\t\t\t\t\t<p>Fachleute sind sich einig, dass die wirtschaftliche Situation seit dem Ende der Pandemie den <a href=\"https:\/\/www.forbes.com\/sites\/forbescoachescouncil\/2022\/01\/25\/what-the-job-seekers-market-shift-means-for-your-career\/\" target=\"_blank\">Arbeitsmarkt stark zu Gunsten der Arbeitssuchenden umgestaltet<\/a> hat. Ein intensiver Wettbewerb um die besten verf\u00fcgbaren Talente ist zur Norm geworden, und die Unternehmen brauchen jeden Vorteil, den sie bekommen k\u00f6nnen.<\/p>\n<p>Dabei ist Geld bei weitem nicht der einzige motivierende Faktor. In einer <a href=\"https:\/\/www.thezebra.com\/resources\/research\/commute-survey\/\" target=\"_blank\">Umfrage aus dem Jahr 2021<\/a> wurde festgestellt, dass viele Arbeitnehmer:innen gerne eine Gehaltsk\u00fcrzung in Kauf nehmen w\u00fcrden, wenn sie daf\u00fcr einen k\u00fcrzeren Arbeitsweg h\u00e4tten. Eine solide, flexible und gut unterst\u00fctzte nachhaltige Pendlerpolitik kann Ihr Unternehmen als attraktive Option auf einem angespannten Arbeitsmarkt positionieren.<\/p>\n\t\t\t\t\t\t\t\t<\/div>\n\t\t\t\t<\/div>\n\t\t\t\t<div class=\"elementor-element elementor-element-d506d6c elementor-widget elementor-widget-spacer\" data-id=\"d506d6c\" data-element_type=\"widget\" data-widget_type=\"spacer.default\">\n\t\t\t\t<div class=\"elementor-widget-container\">\n\t\t\t\t\t\t\t<div class=\"elementor-spacer\">\n\t\t\t<div class=\"elementor-spacer-inner\"><\/div>\n\t\t<\/div>\n\t\t\t\t\t\t<\/div>\n\t\t\t\t<\/div>\n\t\t\t\t<div class=\"elementor-element elementor-element-6ab2ef1 elementor-widget elementor-widget-heading\" data-id=\"6ab2ef1\" data-element_type=\"widget\" data-widget_type=\"heading.default\">\n\t\t\t\t<div class=\"elementor-widget-container\">\n\t\t\t\t\t<h3 class=\"elementor-heading-title elementor-size-default\">Mitarbeiterbindung erh\u00f6hen<\/h3>\t\t\t\t<\/div>\n\t\t\t\t<\/div>\n\t\t\t\t<div class=\"elementor-element elementor-element-4030a7f elementor-widget elementor-widget-text-editor\" data-id=\"4030a7f\" data-element_type=\"widget\" data-widget_type=\"text-editor.default\">\n\t\t\t\t<div class=\"elementor-widget-container\">\n\t\t\t\t\t\t\t\t\t<p>Nachhaltigkeit ist ein zentrales Thema der sozialen Verantwortung von Unternehmen. Wissenschaftliche Untersuchungen haben gezeigt, dass <a href=\"https:\/\/www.emerald.com\/insight\/content\/doi\/10.1108\/REGE-06-2019-0070\/full\/html\" target=\"_blank\">wirksame CSR-Strategien die Mitarbeiterbindung deutlich erh\u00f6hen<\/a>.<\/p>\n<p>Wenn Ihre besten und produktivsten Mitarbeiter:innen zufrieden sind, ist es viel wahrscheinlicher, dass sie<a href=\"https:\/\/staging.pavecommute.app\/employee-retention-and-commuting-how-a-better-commute-supports-a-happier-workforce\/\"> langfristig an Bord bleiben<\/a>.<\/p>\n\t\t\t\t\t\t\t\t<\/div>\n\t\t\t\t<\/div>\n\t\t\t\t<div class=\"elementor-element elementor-element-9ba4056 elementor-widget elementor-widget-spacer\" data-id=\"9ba4056\" data-element_type=\"widget\" data-widget_type=\"spacer.default\">\n\t\t\t\t<div class=\"elementor-widget-container\">\n\t\t\t\t\t\t\t<div class=\"elementor-spacer\">\n\t\t\t<div class=\"elementor-spacer-inner\"><\/div>\n\t\t<\/div>\n\t\t\t\t\t\t<\/div>\n\t\t\t\t<\/div>\n\t\t\t\t<div class=\"elementor-element elementor-element-96694a9 elementor-widget elementor-widget-heading\" data-id=\"96694a9\" data-element_type=\"widget\" data-widget_type=\"heading.default\">\n\t\t\t\t<div class=\"elementor-widget-container\">\n\t\t\t\t\t<h3 class=\"elementor-heading-title elementor-size-default\">Kosten f\u00fcr Personalbeschaffung senken<\/h3>\t\t\t\t<\/div>\n\t\t\t\t<\/div>\n\t\t\t\t<div class=\"elementor-element elementor-element-f54cf3f elementor-widget elementor-widget-text-editor\" data-id=\"f54cf3f\" data-element_type=\"widget\" data-widget_type=\"text-editor.default\">\n\t\t\t\t<div class=\"elementor-widget-container\">\n\t\t\t\t\t\t\t\t\t<p>Nach <a href=\"https:\/\/www.shrm.org\/resourcesandtools\/hr-topics\/talent-acquisition\/pages\/the-real-costs-of-recruitment.aspx\" target=\"_blank\">Angaben der Society for Human Resource Management<\/a> (SHRM) kostet die Einstellung und Schulung eines neuen Mitarbeiters etwa 4.700 US-Dollar. Bei gro\u00dfen Unternehmen mit hoher Fluktuationsrate kann sich dies auf Hunderttausende oder Millionen von Dollar summieren.<\/p>\n<p><a href=\"https:\/\/www.cnbc.com\/2018\/12\/11\/23percent-of-workers-have-quit-a-job-because-of-their-commute.html\" target=\"_blank\">Pendelbeschwerden sind einer der Hauptgr\u00fcnde, warum Menschen ihren Job aufgeben.<\/a> Wenn Sie diese Schmerzen lindern, indem Sie Mitarbeiter:innen dazu bringen, ihr Auto stehen zu lassen und intelligentere Alternativen zu nutzen, k\u00f6nnen Sie die Wahrscheinlichkeit verringern, dass Sie Personal aus Gr\u00fcnden des Pendelns verlieren.<\/p>\n\t\t\t\t\t\t\t\t<\/div>\n\t\t\t\t<\/div>\n\t\t\t\t<div class=\"elementor-element elementor-element-03bb58c elementor-widget elementor-widget-spacer\" data-id=\"03bb58c\" data-element_type=\"widget\" data-widget_type=\"spacer.default\">\n\t\t\t\t<div class=\"elementor-widget-container\">\n\t\t\t\t\t\t\t<div class=\"elementor-spacer\">\n\t\t\t<div class=\"elementor-spacer-inner\"><\/div>\n\t\t<\/div>\n\t\t\t\t\t\t<\/div>\n\t\t\t\t<\/div>\n\t\t\t\t<div class=\"elementor-element elementor-element-5f90835 elementor-widget elementor-widget-heading\" data-id=\"5f90835\" data-element_type=\"widget\" data-widget_type=\"heading.default\">\n\t\t\t\t<div class=\"elementor-widget-container\">\n\t\t\t\t\t<h3 class=\"elementor-heading-title elementor-size-default\">Gesunde und gut gelaunte Mitarbeiter:innen<\/h3>\t\t\t\t<\/div>\n\t\t\t\t<\/div>\n\t\t\t\t<div class=\"elementor-element elementor-element-129e029 elementor-widget elementor-widget-text-editor\" data-id=\"129e029\" data-element_type=\"widget\" data-widget_type=\"text-editor.default\">\n\t\t\t\t<div class=\"elementor-widget-container\">\n\t\t\t\t\t\t\t\t\t<p>Die F\u00f6rderung aktiver Fortbewegungsarten wie Radfahren, Joggen und Gehen ist ein wichtiger Aspekt des Employer Branding und des nachhaltigen Pendelns. Diese Arten des Pendelns verbessern die Gesundheit der Mitarbeiter und verringern die krankheitsbedingten Fehlzeiten. Au\u00dferdem stellt ein aktiver Weg in die Arbeit einen idealen Start in einen guten Arbeitstag mit guter Laune dar, die ansteckend wirkt.<\/p>\n\t\t\t\t\t\t\t\t<\/div>\n\t\t\t\t<\/div>\n\t\t\t\t<div class=\"elementor-element elementor-element-4265101 elementor-widget elementor-widget-spacer\" data-id=\"4265101\" data-element_type=\"widget\" data-widget_type=\"spacer.default\">\n\t\t\t\t<div class=\"elementor-widget-container\">\n\t\t\t\t\t\t\t<div class=\"elementor-spacer\">\n\t\t\t<div class=\"elementor-spacer-inner\"><\/div>\n\t\t<\/div>\n\t\t\t\t\t\t<\/div>\n\t\t\t\t<\/div>\n\t\t\t\t<div class=\"elementor-element elementor-element-de5c631 elementor-widget elementor-widget-heading\" data-id=\"de5c631\" data-element_type=\"widget\" data-widget_type=\"heading.default\">\n\t\t\t\t<div class=\"elementor-widget-container\">\n\t\t\t\t\t<h3 class=\"elementor-heading-title elementor-size-default\">Steiger das Engagement deiner Arbeitskr\u00e4fte<\/h3>\t\t\t\t<\/div>\n\t\t\t\t<\/div>\n\t\t\t\t<div class=\"elementor-element elementor-element-7b17d5c elementor-widget elementor-widget-text-editor\" data-id=\"7b17d5c\" data-element_type=\"widget\" data-widget_type=\"text-editor.default\">\n\t\t\t\t<div class=\"elementor-widget-container\">\n\t\t\t\t\t\t\t\t\t<p>Nachhaltigkeitsinitiativen haben einen positiven Einfluss auf die Zufriedenheit und das Engagement der Mitarbeiter. Wenn die Mitarbeiter sehen, dass ihr Unternehmen sich aktiv f\u00fcr Nachhaltigkeit einsetzt, verleiht dies ihrer Arbeit ein Gef\u00fchl von Stolz und Sinn. So gelingt es nachhaltigkeitsorientierten Unternehmen oft, eine interne Kultur der Innovation, der Zusammenarbeit und des Empowerment der Mitarbeiter zu schaffen.<\/p>\n<p>Diese Effekte tragen zu einem h\u00f6heren Ma\u00df an Mitarbeiterengagement und Arbeitszufriedenheit bei, was wiederum den Unternehmenserfolg verbessert.<\/p>\n\t\t\t\t\t\t\t\t<\/div>\n\t\t\t\t<\/div>\n\t\t\t\t<div class=\"elementor-element elementor-element-43b5f5c elementor-widget elementor-widget-spacer\" data-id=\"43b5f5c\" data-element_type=\"widget\" data-widget_type=\"spacer.default\">\n\t\t\t\t<div class=\"elementor-widget-container\">\n\t\t\t\t\t\t\t<div class=\"elementor-spacer\">\n\t\t\t<div class=\"elementor-spacer-inner\"><\/div>\n\t\t<\/div>\n\t\t\t\t\t\t<\/div>\n\t\t\t\t<\/div>\n\t\t\t\t<div class=\"elementor-element elementor-element-ae8beb2 elementor-widget elementor-widget-heading\" data-id=\"ae8beb2\" data-element_type=\"widget\" data-widget_type=\"heading.default\">\n\t\t\t\t<div class=\"elementor-widget-container\">\n\t\t\t\t\t<h2 class=\"elementor-heading-title elementor-size-default\">K\u00fcmmere dich um Mobilit\u00e4t und Employer Branding gleichzeitig. Mit Pave Commute.<\/h2>\t\t\t\t<\/div>\n\t\t\t\t<\/div>\n\t\t\t\t<div class=\"elementor-element elementor-element-b7a086b elementor-widget elementor-widget-text-editor\" data-id=\"b7a086b\" data-element_type=\"widget\" data-widget_type=\"text-editor.default\">\n\t\t\t\t<div class=\"elementor-widget-container\">\n\t\t\t\t\t\t\t\t\t<p>Pave Commute macht es einfach, Employer Branding und Nachhaltigkeitsbem\u00fchungen unter einen Hut zu bringen. Unsere leistungsstarke und dennoch benutzerfreundliche App verbindet Pendler:innen untereinander und unterst\u00fctzt dabei, Gruppen f\u00fcr Fahrgemeinschaften zu bilden und nachhaltige Fahrten aufzuzeichnen, egal ob mit dem Rad, per \u00d6V, zu Fu\u00df oder in einer Fahrgemeinschaft. Jede nachhaltige Entscheidung am Arbeitsweg wird mit Coins honoriert und in der gesamten Pendelcommunity wertgesch\u00e4tzt. Nutzen Sie Pave Commute, um eine Gemeinschaft nachhaltiger Pendler:innen in Ihrem Unternehmen zu f\u00f6rdern.<\/p>\n\t\t\t\t\t\t\t\t<\/div>\n\t\t\t\t<\/div>\n\t\t\t\t<div class=\"elementor-element elementor-element-0339403 elementor-widget elementor-widget-spacer\" data-id=\"0339403\" data-element_type=\"widget\" data-widget_type=\"spacer.default\">\n\t\t\t\t<div class=\"elementor-widget-container\">\n\t\t\t\t\t\t\t<div class=\"elementor-spacer\">\n\t\t\t<div class=\"elementor-spacer-inner\"><\/div>\n\t\t<\/div>\n\t\t\t\t\t\t<\/div>\n\t\t\t\t<\/div>\n\t\t<div class=\"elementor-element elementor-element-88e9087 e-flex e-con-boxed e-con e-child\" data-id=\"88e9087\" data-element_type=\"container\" data-settings=\"{&quot;background_background&quot;:&quot;classic&quot;}\">\n\t\t\t\t\t<div class=\"e-con-inner\">\n\t\t\t\t<div class=\"elementor-element elementor-element-c06ab89 elementor-widget__width-initial elementor-widget elementor-widget-heading\" data-id=\"c06ab89\" data-element_type=\"widget\" data-widget_type=\"heading.default\">\n\t\t\t\t<div class=\"elementor-widget-container\">\n\t\t\t\t\t<h4 class=\"elementor-heading-title elementor-size-default\">Starte noch heute den kostenlosen Test mit deinem Team<\/h4>\t\t\t\t<\/div>\n\t\t\t\t<\/div>\n\t\t\t\t<div class=\"elementor-element elementor-element-9478c5b elementor-widget__width-initial elementor-widget elementor-widget-heading\" data-id=\"9478c5b\" data-element_type=\"widget\" data-widget_type=\"heading.default\">\n\t\t\t\t<div class=\"elementor-widget-container\">\n\t\t\t\t\t<p class=\"elementor-heading-title elementor-size-default\">Teste Pave Commute kostenlos f\u00fcr 30 Tage. <b>Keine Kreditkarte erforderlich.<\/b><\/p>\t\t\t\t<\/div>\n\t\t\t\t<\/div>\n\t\t<div class=\"elementor-element elementor-element-c3066b2 e-con-full e-flex e-con e-child\" data-id=\"c3066b2\" data-element_type=\"container\">\n\t\t<div class=\"elementor-element elementor-element-e79d636 e-con-full e-flex e-con e-child\" data-id=\"e79d636\" data-element_type=\"container\">\n\t\t<div class=\"elementor-element elementor-element-5579a2e e-con-full e-flex e-con e-child\" data-id=\"5579a2e\" data-element_type=\"container\">\n\t\t\t\t<div class=\"elementor-element elementor-element-1ca90b5 elementor-align-left cta-button elementor-widget elementor-widget-button\" data-id=\"1ca90b5\" data-element_type=\"widget\" data-widget_type=\"button.default\">\n\t\t\t\t<div class=\"elementor-widget-container\">\n\t\t\t\t\t\t\t\t\t<div class=\"elementor-button-wrapper\">\n\t\t\t\t\t<a class=\"elementor-button elementor-button-link elementor-size-md elementor-animation-grow\" href=\"https:\/\/dashboard.staging.pavecommute.app\" target=\"_blank\" target=\"_blank\">\n\t\t\t\t\t\t<span class=\"elementor-button-content-wrapper\">\n\t\t\t\t\t\t\t\t\t<span class=\"elementor-button-text\">Kostenlos testen<\/span>\n\t\t\t\t\t<\/span>\n\t\t\t\t\t<\/a>\n\t\t\t\t<\/div>\n\t\t\t\t\t\t\t\t<\/div>\n\t\t\t\t<\/div>\n\t\t\t\t<\/div>\n\t\t\t\t<\/div>\n\t\t<div class=\"elementor-element elementor-element-e2b2535 e-con-full e-flex e-con e-child\" data-id=\"e2b2535\" data-element_type=\"container\">\n\t\t\t\t<div class=\"elementor-element elementor-element-674bef3 elementor-align-left elementor-mobile-align-center cta-button elementor-widget elementor-widget-button\" data-id=\"674bef3\" data-element_type=\"widget\" data-widget_type=\"button.default\">\n\t\t\t\t<div class=\"elementor-widget-container\">\n\t\t\t\t\t\t\t\t\t<div class=\"elementor-button-wrapper\">\n\t\t\t\t\t<a class=\"elementor-button elementor-button-link elementor-size-md elementor-animation-grow\" href=\"https:\/\/staging.pavecommute.app\/de\/preise\/\">\n\t\t\t\t\t\t<span class=\"elementor-button-content-wrapper\">\n\t\t\t\t\t\t\t\t\t<span class=\"elementor-button-text\">Abos vergleichen<\/span>\n\t\t\t\t\t<\/span>\n\t\t\t\t\t<\/a>\n\t\t\t\t<\/div>\n\t\t\t\t\t\t\t\t<\/div>\n\t\t\t\t<\/div>\n\t\t\t\t<\/div>\n\t\t\t\t<\/div>\n\t\t\t\t\t<\/div>\n\t\t\t\t<\/div>\n\t\t\t\t\t<\/div>\n\t\t<\/div>\n\t\t\t\t\t<\/div>\n\t\t<\/section>\n\t\t\t\t<\/div>\n\t\t","protected":false},"excerpt":{"rendered":"Junge Menschen wollen zunehmend f\u00fcr Unternehmen arbeiten, die mit ihren pers\u00f6nlichen Werten \u00fcbereinstimmen. Nachhaltigkeit kann ein wirkungsvolles Instrument des Employer Branding sein.. Parallelen zwischen Employer Branding und Nachhaltigkeit haben in letzter Zeit verst\u00e4rkt die Aufmerksamkeit von Unternehmen auf sich gezogen. Neue Untersuchungen zeigen, dass junge Arbeitnehmer:innen immer mehr den Wunsch haben, f\u00fcr Unternehmen zu arbeiten,...","protected":false},"author":209247158,"featured_media":11048,"menu_order":0,"comment_status":"closed","ping_status":"open","template":"","format":"standard","meta":{"_acf_changed":false,"footnotes":""},"categories":[],"tags":[1646,1450,1452,1647],"class_list":["post-17247","articles","type-articles","status-publish","format-standard","has-post-thumbnail","hentry","tag-arbeitgebermarke","tag-mitarbeiterengagement","tag-mitarbeiterzufriedenheit","tag-personalbeschaffung-und-bindung"],"acf":[],"yoast_head":"<!-- This site is optimized with the Yoast SEO plugin v26.5 - https:\/\/yoast.com\/wordpress\/plugins\/seo\/ -->\n<title>Employer Branding &amp; nachhaltige Mobilit\u00e4t | Pave Commute<\/title>\n<meta name=\"description\" content=\"Nachhaltigkeit als entscheidende Zutat des Employer Branding: Erfahren Sie, wie gr\u00fcne Mobilit\u00e4tsinitiativen Ihre Employer Brand st\u00e4rken und Talente anziehen.\" \/>\n<meta name=\"robots\" content=\"noindex, follow, max-snippet:-1, max-image-preview:large, max-video-preview:-1\" \/>\n<meta property=\"og:locale\" content=\"de_DE\" \/>\n<meta property=\"og:type\" content=\"article\" \/>\n<meta property=\"og:title\" content=\"Employer Branding &amp; nachhaltige Mobilit\u00e4t | Pave Commute\" \/>\n<meta property=\"og:description\" content=\"Nachhaltigkeit als entscheidende Zutat des Employer Branding: Erfahren Sie, wie gr\u00fcne Mobilit\u00e4tsinitiativen Ihre Employer Brand st\u00e4rken und Talente anziehen.\" \/>\n<meta property=\"og:url\" content=\"https:\/\/staging.pavecommute.app\/de\/nachhaltige-mobilitaet-als-vorteil-im-employer-branding-talente-anziehen-und-binden\/\" \/>\n<meta property=\"og:site_name\" content=\"Pave Commute\" \/>\n<meta property=\"article:modified_time\" content=\"2024-12-18T11:17:18+00:00\" \/>\n<meta property=\"og:image\" content=\"https:\/\/staging.pavecommute.app\/wp-content\/uploads\/2023\/10\/AdobeStock_327200064-1-scaled.jpeg\" \/>\n\t<meta property=\"og:image:width\" content=\"2560\" \/>\n\t<meta property=\"og:image:height\" content=\"1707\" \/>\n\t<meta property=\"og:image:type\" content=\"image\/jpeg\" \/>\n<meta name=\"twitter:card\" content=\"summary_large_image\" \/>\n<meta name=\"twitter:label1\" content=\"Gesch\u00e4tzte Lesezeit\" \/>\n\t<meta name=\"twitter:data1\" content=\"6\u00a0Minuten\" \/>\n<script type=\"application\/ld+json\" class=\"yoast-schema-graph\">{\"@context\":\"https:\/\/schema.org\",\"@graph\":[{\"@type\":\"WebPage\",\"@id\":\"https:\/\/staging.pavecommute.app\/de\/nachhaltige-mobilitaet-als-vorteil-im-employer-branding-talente-anziehen-und-binden\/\",\"url\":\"https:\/\/staging.pavecommute.app\/de\/nachhaltige-mobilitaet-als-vorteil-im-employer-branding-talente-anziehen-und-binden\/\",\"name\":\"Employer Branding & nachhaltige Mobilit\u00e4t | Pave Commute\",\"isPartOf\":{\"@id\":\"https:\/\/staging.pavecommute.app\/de\/#website\"},\"primaryImageOfPage\":{\"@id\":\"https:\/\/staging.pavecommute.app\/de\/nachhaltige-mobilitaet-als-vorteil-im-employer-branding-talente-anziehen-und-binden\/#primaryimage\"},\"image\":{\"@id\":\"https:\/\/staging.pavecommute.app\/de\/nachhaltige-mobilitaet-als-vorteil-im-employer-branding-talente-anziehen-und-binden\/#primaryimage\"},\"thumbnailUrl\":\"https:\/\/staging.pavecommute.app\/wp-content\/uploads\/2023\/10\/AdobeStock_327200064-1-scaled.jpeg\",\"datePublished\":\"2024-05-08T13:24:23+00:00\",\"dateModified\":\"2024-12-18T11:17:18+00:00\",\"description\":\"Nachhaltigkeit als entscheidende Zutat des Employer Branding: Erfahren Sie, wie gr\u00fcne Mobilit\u00e4tsinitiativen Ihre Employer Brand st\u00e4rken und Talente anziehen.\",\"breadcrumb\":{\"@id\":\"https:\/\/staging.pavecommute.app\/de\/nachhaltige-mobilitaet-als-vorteil-im-employer-branding-talente-anziehen-und-binden\/#breadcrumb\"},\"inLanguage\":\"de\",\"potentialAction\":[{\"@type\":\"ReadAction\",\"target\":[\"https:\/\/staging.pavecommute.app\/de\/nachhaltige-mobilitaet-als-vorteil-im-employer-branding-talente-anziehen-und-binden\/\"]}]},{\"@type\":\"ImageObject\",\"inLanguage\":\"de\",\"@id\":\"https:\/\/staging.pavecommute.app\/de\/nachhaltige-mobilitaet-als-vorteil-im-employer-branding-talente-anziehen-und-binden\/#primaryimage\",\"url\":\"https:\/\/staging.pavecommute.app\/wp-content\/uploads\/2023\/10\/AdobeStock_327200064-1-scaled.jpeg\",\"contentUrl\":\"https:\/\/staging.pavecommute.app\/wp-content\/uploads\/2023\/10\/AdobeStock_327200064-1-scaled.jpeg\",\"width\":2560,\"height\":1707,\"caption\":\"Two employees talking to each other in the office. Recruiting, recognition at workplace, company culture.\"},{\"@type\":\"BreadcrumbList\",\"@id\":\"https:\/\/staging.pavecommute.app\/de\/nachhaltige-mobilitaet-als-vorteil-im-employer-branding-talente-anziehen-und-binden\/#breadcrumb\",\"itemListElement\":[{\"@type\":\"ListItem\",\"position\":1,\"name\":\"Home\",\"item\":\"https:\/\/staging.pavecommute.app\/de\/\"},{\"@type\":\"ListItem\",\"position\":2,\"name\":\"Articles\",\"item\":\"https:\/\/staging.pavecommute.app\/de\/articles\/\"},{\"@type\":\"ListItem\",\"position\":3,\"name\":\"Nachhaltige Mobilit\u00e4t als Vorteil im Employer Branding: Talente anziehen und binden\"}]},{\"@type\":\"WebSite\",\"@id\":\"https:\/\/staging.pavecommute.app\/de\/#website\",\"url\":\"https:\/\/staging.pavecommute.app\/de\/\",\"name\":\"Pave Commute\",\"description\":\"\",\"publisher\":{\"@id\":\"https:\/\/staging.pavecommute.app\/de\/#organization\"},\"potentialAction\":[{\"@type\":\"SearchAction\",\"target\":{\"@type\":\"EntryPoint\",\"urlTemplate\":\"https:\/\/staging.pavecommute.app\/de\/?s={search_term_string}\"},\"query-input\":{\"@type\":\"PropertyValueSpecification\",\"valueRequired\":true,\"valueName\":\"search_term_string\"}}],\"inLanguage\":\"de\"},{\"@type\":\"Organization\",\"@id\":\"https:\/\/staging.pavecommute.app\/de\/#organization\",\"name\":\"Pave Commute\",\"url\":\"https:\/\/staging.pavecommute.app\/de\/\",\"logo\":{\"@type\":\"ImageObject\",\"inLanguage\":\"de\",\"@id\":\"https:\/\/staging.pavecommute.app\/de\/#\/schema\/logo\/image\/\",\"url\":\"https:\/\/staging.pavecommute.app\/wp-content\/uploads\/2022\/03\/Pave_Logo_Icon-1.png\",\"contentUrl\":\"https:\/\/staging.pavecommute.app\/wp-content\/uploads\/2022\/03\/Pave_Logo_Icon-1.png\",\"width\":432,\"height\":432,\"caption\":\"Pave Commute\"},\"image\":{\"@id\":\"https:\/\/staging.pavecommute.app\/de\/#\/schema\/logo\/image\/\"},\"sameAs\":[\"https:\/\/www.linkedin.com\/showcase\/pave-commute-app\"]}]}<\/script>\n<!-- \/ Yoast SEO plugin. -->","yoast_head_json":{"title":"Employer Branding & nachhaltige Mobilit\u00e4t | Pave Commute","description":"Nachhaltigkeit als entscheidende Zutat des Employer Branding: Erfahren Sie, wie gr\u00fcne Mobilit\u00e4tsinitiativen Ihre Employer Brand st\u00e4rken und Talente anziehen.","robots":{"index":"noindex","follow":"follow","max-snippet":"max-snippet:-1","max-image-preview":"max-image-preview:large","max-video-preview":"max-video-preview:-1"},"og_locale":"de_DE","og_type":"article","og_title":"Employer Branding & nachhaltige Mobilit\u00e4t | Pave Commute","og_description":"Nachhaltigkeit als entscheidende Zutat des Employer Branding: Erfahren Sie, wie gr\u00fcne Mobilit\u00e4tsinitiativen Ihre Employer Brand st\u00e4rken und Talente anziehen.","og_url":"https:\/\/staging.pavecommute.app\/de\/nachhaltige-mobilitaet-als-vorteil-im-employer-branding-talente-anziehen-und-binden\/","og_site_name":"Pave Commute","article_modified_time":"2024-12-18T11:17:18+00:00","og_image":[{"width":2560,"height":1707,"url":"https:\/\/staging.pavecommute.app\/wp-content\/uploads\/2023\/10\/AdobeStock_327200064-1-scaled.jpeg","type":"image\/jpeg"}],"twitter_card":"summary_large_image","twitter_misc":{"Gesch\u00e4tzte Lesezeit":"6\u00a0Minuten"},"schema":{"@context":"https:\/\/schema.org","@graph":[{"@type":"WebPage","@id":"https:\/\/staging.pavecommute.app\/de\/nachhaltige-mobilitaet-als-vorteil-im-employer-branding-talente-anziehen-und-binden\/","url":"https:\/\/staging.pavecommute.app\/de\/nachhaltige-mobilitaet-als-vorteil-im-employer-branding-talente-anziehen-und-binden\/","name":"Employer Branding & nachhaltige Mobilit\u00e4t | Pave Commute","isPartOf":{"@id":"https:\/\/staging.pavecommute.app\/de\/#website"},"primaryImageOfPage":{"@id":"https:\/\/staging.pavecommute.app\/de\/nachhaltige-mobilitaet-als-vorteil-im-employer-branding-talente-anziehen-und-binden\/#primaryimage"},"image":{"@id":"https:\/\/staging.pavecommute.app\/de\/nachhaltige-mobilitaet-als-vorteil-im-employer-branding-talente-anziehen-und-binden\/#primaryimage"},"thumbnailUrl":"https:\/\/staging.pavecommute.app\/wp-content\/uploads\/2023\/10\/AdobeStock_327200064-1-scaled.jpeg","datePublished":"2024-05-08T13:24:23+00:00","dateModified":"2024-12-18T11:17:18+00:00","description":"Nachhaltigkeit als entscheidende Zutat des Employer Branding: Erfahren Sie, wie gr\u00fcne Mobilit\u00e4tsinitiativen Ihre Employer Brand st\u00e4rken und Talente anziehen.","breadcrumb":{"@id":"https:\/\/staging.pavecommute.app\/de\/nachhaltige-mobilitaet-als-vorteil-im-employer-branding-talente-anziehen-und-binden\/#breadcrumb"},"inLanguage":"de","potentialAction":[{"@type":"ReadAction","target":["https:\/\/staging.pavecommute.app\/de\/nachhaltige-mobilitaet-als-vorteil-im-employer-branding-talente-anziehen-und-binden\/"]}]},{"@type":"ImageObject","inLanguage":"de","@id":"https:\/\/staging.pavecommute.app\/de\/nachhaltige-mobilitaet-als-vorteil-im-employer-branding-talente-anziehen-und-binden\/#primaryimage","url":"https:\/\/staging.pavecommute.app\/wp-content\/uploads\/2023\/10\/AdobeStock_327200064-1-scaled.jpeg","contentUrl":"https:\/\/staging.pavecommute.app\/wp-content\/uploads\/2023\/10\/AdobeStock_327200064-1-scaled.jpeg","width":2560,"height":1707,"caption":"Two employees talking to each other in the office. Recruiting, recognition at workplace, company culture."},{"@type":"BreadcrumbList","@id":"https:\/\/staging.pavecommute.app\/de\/nachhaltige-mobilitaet-als-vorteil-im-employer-branding-talente-anziehen-und-binden\/#breadcrumb","itemListElement":[{"@type":"ListItem","position":1,"name":"Home","item":"https:\/\/staging.pavecommute.app\/de\/"},{"@type":"ListItem","position":2,"name":"Articles","item":"https:\/\/staging.pavecommute.app\/de\/articles\/"},{"@type":"ListItem","position":3,"name":"Nachhaltige Mobilit\u00e4t als Vorteil im Employer Branding: Talente anziehen und binden"}]},{"@type":"WebSite","@id":"https:\/\/staging.pavecommute.app\/de\/#website","url":"https:\/\/staging.pavecommute.app\/de\/","name":"Pave Commute","description":"","publisher":{"@id":"https:\/\/staging.pavecommute.app\/de\/#organization"},"potentialAction":[{"@type":"SearchAction","target":{"@type":"EntryPoint","urlTemplate":"https:\/\/staging.pavecommute.app\/de\/?s={search_term_string}"},"query-input":{"@type":"PropertyValueSpecification","valueRequired":true,"valueName":"search_term_string"}}],"inLanguage":"de"},{"@type":"Organization","@id":"https:\/\/staging.pavecommute.app\/de\/#organization","name":"Pave Commute","url":"https:\/\/staging.pavecommute.app\/de\/","logo":{"@type":"ImageObject","inLanguage":"de","@id":"https:\/\/staging.pavecommute.app\/de\/#\/schema\/logo\/image\/","url":"https:\/\/staging.pavecommute.app\/wp-content\/uploads\/2022\/03\/Pave_Logo_Icon-1.png","contentUrl":"https:\/\/staging.pavecommute.app\/wp-content\/uploads\/2022\/03\/Pave_Logo_Icon-1.png","width":432,"height":432,"caption":"Pave Commute"},"image":{"@id":"https:\/\/staging.pavecommute.app\/de\/#\/schema\/logo\/image\/"},"sameAs":["https:\/\/www.linkedin.com\/showcase\/pave-commute-app"]}]}},"_links":{"self":[{"href":"https:\/\/staging.pavecommute.app\/de\/wp-json\/wp\/v2\/articles\/17247","targetHints":{"allow":["GET"]}}],"collection":[{"href":"https:\/\/staging.pavecommute.app\/de\/wp-json\/wp\/v2\/articles"}],"about":[{"href":"https:\/\/staging.pavecommute.app\/de\/wp-json\/wp\/v2\/types\/articles"}],"author":[{"embeddable":true,"href":"https:\/\/staging.pavecommute.app\/de\/wp-json\/wp\/v2\/users\/209247158"}],"replies":[{"embeddable":true,"href":"https:\/\/staging.pavecommute.app\/de\/wp-json\/wp\/v2\/comments?post=17247"}],"version-history":[{"count":5,"href":"https:\/\/staging.pavecommute.app\/de\/wp-json\/wp\/v2\/articles\/17247\/revisions"}],"predecessor-version":[{"id":20084,"href":"https:\/\/staging.pavecommute.app\/de\/wp-json\/wp\/v2\/articles\/17247\/revisions\/20084"}],"wp:featuredmedia":[{"embeddable":true,"href":"https:\/\/staging.pavecommute.app\/de\/wp-json\/wp\/v2\/media\/11048"}],"wp:attachment":[{"href":"https:\/\/staging.pavecommute.app\/de\/wp-json\/wp\/v2\/media?parent=17247"}],"wp:term":[{"taxonomy":"category","embeddable":true,"href":"https:\/\/staging.pavecommute.app\/de\/wp-json\/wp\/v2\/categories?post=17247"},{"taxonomy":"post_tag","embeddable":true,"href":"https:\/\/staging.pavecommute.app\/de\/wp-json\/wp\/v2\/tags?post=17247"}],"curies":[{"name":"wp","href":"https:\/\/api.w.org\/{rel}","templated":true}]}}